{"id":371,"date":"2019-11-15T12:03:19","date_gmt":"2019-11-15T12:03:19","guid":{"rendered":"http:\/\/grundschule-gieboldehausen.de\/?p=371"},"modified":"2021-06-01T13:32:07","modified_gmt":"2021-06-01T13:32:07","slug":"usch-luhn-in-der-grundschule-gieboldehausen","status":"publish","type":"post","link":"https:\/\/grundschule-gieboldehausen.de\/?p=371","title":{"rendered":"Usch Luhn in der Grundschule Gieboldehausen"},"content":{"rendered":"\n<div class=\"wp-block-media-text alignwide\" style=\"grid-template-columns:33% auto\"><figure class=\"wp-block-media-text__media\"><img loading=\"lazy\" decoding=\"async\" width=\"700\" height=\"933\" src=\"https:\/\/grundschule-gieboldehausen.de\/wp-content\/uploads\/2019\/11\/IMG_8466-700x933.jpg\" alt=\"\" class=\"wp-image-372\" srcset=\"https:\/\/grundschule-gieboldehausen.de\/wp-content\/uploads\/2019\/11\/IMG_8466-700x933.jpg 700w, https:\/\/grundschule-gieboldehausen.de\/wp-content\/uploads\/2019\/11\/IMG_8466-225x300.jpg 225w, https:\/\/grundschule-gieboldehausen.de\/wp-content\/uploads\/2019\/11\/IMG_8466-768x1024.jpg 768w, https:\/\/grundschule-gieboldehausen.de\/wp-content\/uploads\/2019\/11\/IMG_8466-1152x1536.jpg 1152w, https:\/\/grundschule-gieboldehausen.de\/wp-content\/uploads\/2019\/11\/IMG_8466-1536x2048.jpg 1536w, https:\/\/grundschule-gieboldehausen.de\/wp-content\/uploads\/2019\/11\/IMG_8466-800x1067.jpg 800w, https:\/\/grundschule-gieboldehausen.de\/wp-content\/uploads\/2019\/11\/IMG_8466-scaled.jpg 1920w\" sizes=\"auto, (max-width: 700px) 100vw, 700px\" \/><\/figure><div class=\"wp-block-media-text__content\">\n<p>Am Freitag, 8.11.2019 besuchte die bekannte Kinderbuchautorin Usch Luhn, im Rahmen der Kinder-und Jugendbuchwoche, unsere Schule und las aus ihrem Buch die Pfotenbande vor. <\/p>\n<\/div><\/div>\n\n\n\n<p>Frau Luhn erz\u00e4hlte den Sch\u00fclerinnen und Sch\u00fclern der Klassenstufe 4 lebhaft aus ihrer Kindheit und wie eine L\u00fcgengeschichte in ihrer Schulzeit sp\u00e4ter zum Schreiben von Kinderb\u00fcchern gef\u00fchrt hat.  <\/p>\n","protected":false},"excerpt":{"rendered":"<p>Am Freitag, 8.11.2019 besuchte die bekannte Kinderbuchautorin Usch Luhn, im Rahmen der Kinder-und Jugendbuchwoche, unsere Schule und las aus ihrem Buch die Pfotenbande vor. Frau Luhn erz\u00e4hlte den Sch\u00fclerinnen und Sch\u00fclern der Klassenstufe 4 lebhaft aus ihrer Kindheit und wie eine L\u00fcgengeschichte in ihrer Schulzeit sp\u00e4ter zum Schreiben von Kinderb\u00fcchern gef\u00fchrt hat.<\/p>\n","protected":false},"author":1,"featured_media":0,"comment_status":"closed","ping_status":"open","sticky":false,"template":"","format":"standard","meta":{"_exactmetrics_skip_tracking":false,"_exactmetrics_sitenote_active":false,"_exactmetrics_sitenote_note":"","_exactmetrics_sitenote_category":0,"ngg_post_thumbnail":0,"_jetpack_memberships_contains_paid_content":false,"footnotes":""},"categories":[6],"tags":[],"class_list":["post-371","post","type-post","status-publish","format-standard","hentry","category-schulleben"],"aioseo_notices":[],"jetpack_featured_media_url":"","jetpack_sharing_enabled":true,"_links":{"self":[{"href":"https:\/\/grundschule-gieboldehausen.de\/index.php?rest_route=\/wp\/v2\/posts\/371","targetHints":{"allow":["GET"]}}],"collection":[{"href":"https:\/\/grundschule-gieboldehausen.de\/index.php?rest_route=\/wp\/v2\/posts"}],"about":[{"href":"https:\/\/grundschule-gieboldehausen.de\/index.php?rest_route=\/wp\/v2\/types\/post"}],"author":[{"embeddable":true,"href":"https:\/\/grundschule-gieboldehausen.de\/index.php?rest_route=\/wp\/v2\/users\/1"}],"replies":[{"embeddable":true,"href":"https:\/\/grundschule-gieboldehausen.de\/index.php?rest_route=%2Fwp%2Fv2%2Fcomments&post=371"}],"version-history":[{"count":1,"href":"https:\/\/grundschule-gieboldehausen.de\/index.php?rest_route=\/wp\/v2\/posts\/371\/revisions"}],"predecessor-version":[{"id":373,"href":"https:\/\/grundschule-gieboldehausen.de\/index.php?rest_route=\/wp\/v2\/posts\/371\/revisions\/373"}],"wp:attachment":[{"href":"https:\/\/grundschule-gieboldehausen.de\/index.php?rest_route=%2Fwp%2Fv2%2Fmedia&parent=371"}],"wp:term":[{"taxonomy":"category","embeddable":true,"href":"https:\/\/grundschule-gieboldehausen.de\/index.php?rest_route=%2Fwp%2Fv2%2Fcategories&post=371"},{"taxonomy":"post_tag","embeddable":true,"href":"https:\/\/grundschule-gieboldehausen.de\/index.php?rest_route=%2Fwp%2Fv2%2Ftags&post=371"}],"curies":[{"name":"wp","href":"https:\/\/api.w.org\/{rel}","templated":true}]}}