{"id":1300,"date":"2025-05-27T06:43:00","date_gmt":"2025-05-27T06:43:00","guid":{"rendered":"https:\/\/grundschule-gieboldehausen.de\/?p=1300"},"modified":"2025-05-27T06:43:01","modified_gmt":"2025-05-27T06:43:01","slug":"vorlesewettbewerb-der-samtgemeinden","status":"publish","type":"post","link":"https:\/\/grundschule-gieboldehausen.de\/?p=1300","title":{"rendered":"Vorlesewettbewerb der Samtgemeinden"},"content":{"rendered":"\n<figure class=\"wp-block-image size-large\"><img loading=\"lazy\" decoding=\"async\" width=\"700\" height=\"933\" src=\"https:\/\/grundschule-gieboldehausen.de\/wp-content\/uploads\/2025\/05\/IMG_4524-700x933.jpeg\" alt=\"\" class=\"wp-image-1301\" srcset=\"https:\/\/grundschule-gieboldehausen.de\/wp-content\/uploads\/2025\/05\/IMG_4524-700x933.jpeg 700w, https:\/\/grundschule-gieboldehausen.de\/wp-content\/uploads\/2025\/05\/IMG_4524-225x300.jpeg 225w, https:\/\/grundschule-gieboldehausen.de\/wp-content\/uploads\/2025\/05\/IMG_4524-768x1024.jpeg 768w, https:\/\/grundschule-gieboldehausen.de\/wp-content\/uploads\/2025\/05\/IMG_4524-1152x1536.jpeg 1152w, https:\/\/grundschule-gieboldehausen.de\/wp-content\/uploads\/2025\/05\/IMG_4524-1536x2048.jpeg 1536w, https:\/\/grundschule-gieboldehausen.de\/wp-content\/uploads\/2025\/05\/IMG_4524-800x1067.jpeg 800w, https:\/\/grundschule-gieboldehausen.de\/wp-content\/uploads\/2025\/05\/IMG_4524-scaled.jpeg 1920w\" sizes=\"auto, (max-width: 700px) 100vw, 700px\" \/><\/figure>\n\n\n\n<p>Wie auch im vergangenen Jahr hat die Grundschule Gieboldehausen diesen Fr\u00fchling am Vorlesewettbewerb der Samtgemeinde Gieboldehausen teilgenommen. Unsere Dritt- und Viertkl\u00e4ssler haben in den Wochen zuvor flei\u00dfig ge\u00fcbt. Je zwei Finalisten aus jedem Jahrgang qualifizierten sich f\u00fcr die Endrunde am 20. Maiin Rhumspringe.&nbsp;<\/p>\n\n\n\n<p>Dort pr\u00e4sentierten Miro, Karl, Ida und Emil jeweils ein selbst gew\u00e4hltes Buch und lasen daraus eine ge\u00fcbte Textstelle vor. Im Anschluss daran galt es, sich beim Vorlesen eines unbekannten Textes gegen die Sch\u00fclerInnen der anderen Schulen durchzusetzen. Unsere vier Kandidaten haben hierbei fantastisch gelesen.\u00a0Emil und Ida erreichten f\u00fcr die 4. Klassen sogar den 1. und den 3. Platz! Herzlichen Gl\u00fcckwunsch!<\/p>\n","protected":false},"excerpt":{"rendered":"<p>Wie auch im vergangenen Jahr hat die Grundschule Gieboldehausen diesen Fr\u00fchling am Vorlesewettbewerb der Samtgemeinde Gieboldehausen teilgenommen. Unsere Dritt- und Viertkl\u00e4ssler haben in den Wochen zuvor flei\u00dfig ge\u00fcbt. Je zwei Finalisten aus jedem Jahrgang qualifizierten sich f\u00fcr die Endrunde am 20. Maiin Rhumspringe.&nbsp; Dort pr\u00e4sentierten Miro, Karl, Ida und Emil jeweils ein selbst gew\u00e4hltes Buch&#8230;<\/p>\n","protected":false},"author":1,"featured_media":0,"comment_status":"closed","ping_status":"open","sticky":false,"template":"","format":"standard","meta":{"_exactmetrics_skip_tracking":false,"_exactmetrics_sitenote_active":false,"_exactmetrics_sitenote_note":"","_exactmetrics_sitenote_category":0,"ngg_post_thumbnail":0,"_jetpack_memberships_contains_paid_content":false,"footnotes":""},"categories":[6],"tags":[],"class_list":["post-1300","post","type-post","status-publish","format-standard","hentry","category-schulleben"],"aioseo_notices":[],"jetpack_featured_media_url":"","jetpack_sharing_enabled":true,"_links":{"self":[{"href":"https:\/\/grundschule-gieboldehausen.de\/index.php?rest_route=\/wp\/v2\/posts\/1300","targetHints":{"allow":["GET"]}}],"collection":[{"href":"https:\/\/grundschule-gieboldehausen.de\/index.php?rest_route=\/wp\/v2\/posts"}],"about":[{"href":"https:\/\/grundschule-gieboldehausen.de\/index.php?rest_route=\/wp\/v2\/types\/post"}],"author":[{"embeddable":true,"href":"https:\/\/grundschule-gieboldehausen.de\/index.php?rest_route=\/wp\/v2\/users\/1"}],"replies":[{"embeddable":true,"href":"https:\/\/grundschule-gieboldehausen.de\/index.php?rest_route=%2Fwp%2Fv2%2Fcomments&post=1300"}],"version-history":[{"count":1,"href":"https:\/\/grundschule-gieboldehausen.de\/index.php?rest_route=\/wp\/v2\/posts\/1300\/revisions"}],"predecessor-version":[{"id":1302,"href":"https:\/\/grundschule-gieboldehausen.de\/index.php?rest_route=\/wp\/v2\/posts\/1300\/revisions\/1302"}],"wp:attachment":[{"href":"https:\/\/grundschule-gieboldehausen.de\/index.php?rest_route=%2Fwp%2Fv2%2Fmedia&parent=1300"}],"wp:term":[{"taxonomy":"category","embeddable":true,"href":"https:\/\/grundschule-gieboldehausen.de\/index.php?rest_route=%2Fwp%2Fv2%2Fcategories&post=1300"},{"taxonomy":"post_tag","embeddable":true,"href":"https:\/\/grundschule-gieboldehausen.de\/index.php?rest_route=%2Fwp%2Fv2%2Ftags&post=1300"}],"curies":[{"name":"wp","href":"https:\/\/api.w.org\/{rel}","templated":true}]}}